{"id":892,"date":"2022-04-24T15:17:14","date_gmt":"2022-04-24T14:17:14","guid":{"rendered":"https:\/\/antoinem.com\/www\/?p=892"},"modified":"2024-06-02T14:43:05","modified_gmt":"2024-06-02T13:43:05","slug":"upgrade-ipod-photo-ssd-et-batterie","status":"publish","type":"post","link":"https:\/\/antoinem.com\/www\/2022\/04\/24\/upgrade-ipod-photo-ssd-et-batterie\/","title":{"rendered":"Upgrade iPod Photo : Stockage Flash et remplacement batterie"},"content":{"rendered":"\n<p>L&rsquo;objectif est double : <\/p>\n\n\n\n<ul>\n<li>Remplacer le disque dur d&rsquo;origine, qui a rendu l&rsquo;\u00e2me, par une solution de stockage type m\u00e9moire Flash. Ainsi, plus de pi\u00e8ce rotative, et un stockage qui pourra d\u00e9passer les 20 Go d&rsquo;origine.<\/li>\n\n\n\n<li>Remplacer la batterie de l&rsquo;iPod qui commence \u00e0 gonfler.<\/li>\n<\/ul>\n\n\n\n<div class=\"box info\"><div class=\"boxInside\"><i class=\"fa fa-info-circle boxIconStyle\"><\/i>Sur le net, les tutoriels sont nombreux, et l&rsquo;op\u00e9ration est globalement tr\u00e8s simple. Je ne vais donc pas tout d\u00e9tailler, et vais plut\u00f4t fournir les lignes directrices, ainsi que quelques conseils personnels. A la fin, une petite surprise pour ceux qui ont une imprimante 3D.<\/div><\/div>\n\n\n\n<p class=\"has-black-color has-text-color\"><strong><u>Ouvrir l&rsquo;iPod Photo<\/u><\/strong><\/p>\n\n\n\n<ul>\n<li>Verrouillez l&rsquo;iPod (bouton HOLD)<\/li>\n\n\n\n<li>Placez l&rsquo;iPod \u00e0 plat, \u00e9cran vers vous, et glissez un objet plat, non agressif (m\u00e9diator, carte de fid\u00e9lit\u00e9) <span class=\"highlight\" style=\"background-color:yellow\">du c\u00f4te droit<\/span> entre la coque arri\u00e8re m\u00e9tallique et le boitier sup\u00e9rieur blanc.<\/li>\n\n\n\n<li>En cr\u00e9ant un peu de jeu et en faisant un l\u00e9ger levier, d\u00e9clipsez les 5 pattes positionn\u00e9es sur la longueur.<\/li>\n\n\n\n<li>Une fois le c\u00f4t\u00e9 droit d\u00e9solidaris\u00e9, ouvrir l&rsquo;iPod comme un livre, en prenant soin de <span class=\"highlight\" style=\"background-color:yellow\">ne pas tirer sur la nappe qui se trouve c\u00f4t\u00e9 gauche.<\/span><\/li>\n<\/ul>\n\n\n\n<p>Vous pouvez \u00e9galement suivre le tuto d&rsquo;iFixit :<\/p><center><iframe loading=\"lazy\" src=\"https:\/\/fr.ifixit.com\/Tutoriel\/embed\/391\" allowfullscreen=\"\" width=\"600\" height=\"438\" frameborder=\"0\"><\/iframe><\/center>\n\n\n\n<p class=\"has-black-color has-text-color\"><strong><u>Remplacer la batterie<\/u><\/strong><\/p>\n\n\n\n<p>Une fois le disque dur retir\u00e9, la batterie est directement visible. La mienne avait l\u00e9g\u00e8rement commenc\u00e9 \u00e0 gonfler. Apr\u00e8s 18 ans, pas si \u00e9tonnant ! Un remplacement permettra en plus de retrouver une autonomie convenable.<\/p>\n\n\n\n<ul>\n<li>Commencez par d\u00e9connecter la batterie (\u00e0 droite du connecteur 30 broches)<\/li>\n\n\n\n<li>D\u00e9visser la vis T6 \u00e0 c\u00f4t\u00e9 du connecteur, puis en soulevant l\u00e9g\u00e8rement le circuit, faites sortir les fils en les faisant passer entre le c\u00f4t\u00e9 droit du circuit et la coque plastique de l&rsquo;iPod.<\/li>\n\n\n\n<li>Une fois les fils de la batterie compl\u00e8tement d\u00e9gag\u00e9s, d\u00e9collez la batterie. Petit \u00e0 petit, en faisant le tour avec un objet non agressif (<span class=\"highlight\" style=\"background-color:yellow\">pas de tournevis ou de couteau !<\/span>) d\u00e9collez le dessous de la batterie de la coque de l&rsquo;iPod. Vous pouvez aussi tirer sur les fils de la batterie, en restant tout de m\u00eame mod\u00e9r\u00e9.<\/li>\n<\/ul>\n\n\n\n<p>Vous pouvez \u00e9galement suivre les \u00e9tapes 5 \u00e0 8 du tuto d&rsquo;iFixit :<\/p><center><iframe loading=\"lazy\" src=\"https:\/\/fr.ifixit.com\/Tutoriel\/embed\/393\" allowfullscreen=\"\" width=\"600\" height=\"438\" frameborder=\"0\"><\/iframe><\/center>\n\n\n\n<p>Presque 20 ans apr\u00e8s sa commercialisation, il est encore possible de trouver des batteries de remplacement. Pour vous aider dans vos recherches, vous pouvez utiliser le num\u00e9ro de <span class=\"highlight\" style=\"background-color:yellow\">Mod\u00e8le de la batterie : 616-0206<\/span>. Je vous conseille de passer par un site qui a potentiellement encore un peu de volume, pour augmenter vos chances de ne pas tomber sur un trop vieux stock. <em>A ce jour, je ne suis m\u00eame pas certain qu&rsquo;il s&rsquo;en fabrique encore<\/em>. Pour ma part, j&rsquo;ai trouv\u00e9 sur <a href=\"https:\/\/fr.aliexpress.com\/item\/1005002296883020.html?spm=a2g0o.order_list.0.0.44fc5e5bQASXq6&amp;gatewayAdapt=glo2fra\">AliExpress<\/a>.<\/p>\n\n\n\n<div class=\"galleryEmbed\"><div class=\"singleGalleryEmbed\"><a target=\"_self\" href=\"https:\/\/antoinem.com\/www\/wp-content\/uploads\/2022\/04\/IMG_5816.jpeg\" title=\"Batterie d'origine\"><img decoding=\"async\" alt=\"Batterie d'origine\" src=\"https:\/\/antoinem.com\/www\/wp-content\/uploads\/2022\/04\/IMG_5816_small.jpeg\" \/><\/a><div class=\"embedGalleryCaption\"><h2>Batterie d'origine<\/h2><\/div><\/div><div class=\"singleGalleryEmbed\"><a target=\"_self\" href=\"https:\/\/antoinem.com\/www\/wp-content\/uploads\/2022\/04\/IMG_5818.jpeg\" title=\"La T6 \u00e0 retirer\"><img decoding=\"async\" alt=\"La T6 \u00e0 retirer\" src=\"https:\/\/antoinem.com\/www\/wp-content\/uploads\/2022\/04\/IMG_5818_small.jpeg\" \/><\/a><div class=\"embedGalleryCaption\"><h2>La T6 \u00e0 retirer<\/h2><\/div><\/div><div class=\"singleGalleryEmbed\"><a target=\"_self\" href=\"https:\/\/antoinem.com\/www\/wp-content\/uploads\/2022\/04\/IMG_5820.jpeg\" title=\"Passage des fils de la batterie\"><img decoding=\"async\" alt=\"Passage des fils de la batterie\" src=\"https:\/\/antoinem.com\/www\/wp-content\/uploads\/2022\/04\/IMG_5820_small.jpeg\" \/><\/a><div class=\"embedGalleryCaption\"><h2>Passage des fils de la batterie<\/h2><\/div><\/div><div class=\"singleGalleryEmbed\"><a target=\"_self\" href=\"https:\/\/antoinem.com\/www\/wp-content\/uploads\/2022\/04\/IMG_5817.jpeg\" title=\"Nouvelle batterie en place\"><img decoding=\"async\" alt=\"Nouvelle batterie en place\" src=\"https:\/\/antoinem.com\/www\/wp-content\/uploads\/2022\/04\/IMG_5817_small.jpeg\" \/><\/a><div class=\"embedGalleryCaption\"><h2>Nouvelle batterie en place<\/h2><\/div><\/div><\/div>\n\n\n\n<p class=\"has-black-color has-text-color\"><strong><u>Installer un stockage Flash<\/u><\/strong><\/p>\n\n\n\n<p>Apr\u00e8s quelques recherches, j&rsquo;ai pu trouver qu&rsquo;il s&rsquo;\u00e9tait bien fabriqu\u00e9 quelques disques dur SSD de 1,8 pouces en IDE. Cependant, impossible d&rsquo;en trouver en vente. La solution la plus r\u00e9pandue pour changer le disque d&rsquo;un iPod Classic, est en fait un assemblage babylonien de trois composants :<\/p>\n\n\n\n<ul>\n<li>Une carte SD (ou micro SD)<\/li>\n\n\n\n<li>Un adaptateur Compact Flash vers SD (ou micro SD)<\/li>\n\n\n\n<li>Un adaptateur IDE 1,8 pouces vers Compact Flash<\/li>\n<\/ul>\n\n\n\n<p><em>Pourquoi ne pas prendre directement une Compact Flash de la capacit\u00e9 d\u00e9sir\u00e9e ? Tout simplement parce qu&rsquo;\u00e0 capacit\u00e9 identique, une Compact Flash sera beaucoup plus cher que l&rsquo;ensemble fait d&rsquo;un adaptateur CF&gt;SD et d&rsquo;une SD. Mais bien s\u00fbr, si vous disposez d\u00e9j\u00e0 d&rsquo;une Compact Flash que vous souhaitez r\u00e9utiliser, alors inutile de passer par un adaptateur. <\/em><\/p>\n\n\n\n<p>Assemblez le tout et v\u00e9rifiez d\u00e9j\u00e0 le bon fonctionnement de l&rsquo;iPod. Pour cela, connectez l&rsquo;iPod \u00e0 votre Mac\/PC. La LED de l&rsquo;adaptateur doit s&rsquo;allumer et l&rsquo;iPod doit-\u00eatre reconnu par le Mac\/PC qui demandera sa restauration. L&rsquo;iPod peut d\u00e9marrer en \u00e9tant ouvert, en revanche, <span class=\"highlight\" style=\"background-color:yellow\">m\u00eame connect\u00e9 \u00e0 une source d&rsquo;alimentation ou \u00e0 un ordinateur, la batterie doit-\u00eatre branch\u00e9e<\/span>. <strong>Pour ma part, la restauration sous macOS Big Sur a \u00e9chou\u00e9. J&rsquo;ai d\u00fb faire la restauration via iTunes, sur un Mac sous Yosemite<\/strong>.<\/p>\n\n\n<div class=\"galleryEmbed\"><div class=\"singleGalleryEmbed\"><a target=\"_self\" href=\"https:\/\/antoinem.com\/www\/wp-content\/uploads\/2022\/04\/IMG_5821.jpeg\" title=\"Les \u00e9l\u00e9ments\"><img decoding=\"async\" alt=\"Les \u00e9l\u00e9ments\" src=\"https:\/\/antoinem.com\/www\/wp-content\/uploads\/2022\/04\/IMG_5821_small.jpeg\" \/><\/a><div class=\"embedGalleryCaption\"><h2>Les \u00e9l\u00e9ments<\/h2><\/div><\/div><div class=\"singleGalleryEmbed\"><a target=\"_self\" href=\"https:\/\/antoinem.com\/www\/wp-content\/uploads\/2022\/04\/IMG_5726.jpeg\" title=\"Test de bon fonctionnement\"><img decoding=\"async\" alt=\"Test de bon fonctionnement\" src=\"https:\/\/antoinem.com\/www\/wp-content\/uploads\/2022\/04\/IMG_5726_small.jpeg\" \/><\/a><div class=\"embedGalleryCaption\"><h2>Test de bon fonctionnement<\/h2><\/div><\/div><\/div>\n\n\n\n<p class=\"has-black-color has-text-color\"><strong><u>Les astuces<\/u><\/strong><\/p>\n\n\n\n<p>Avant de tout remonter, quelques \u00e9l\u00e9ments me posaient probl\u00e8me:<\/p>\n\n\n\n<p class=\"has-text-color\" style=\"color:#773100\">Le cavalier pr\u00e9sent sur la carte d&rsquo;adaptation IDE 1,8 pouces vers Compact Flash d\u00e9passe. En fait, il d\u00e9passe m\u00eame tellement, qu&rsquo;il est plus haut que l&rsquo;\u00e9paisseur des coussins du disque.<\/p>\n\n\n\n<p>La solution est simple et efficace : retirer le cavalier, replier les deux broches l&rsquo;une sur l&rsquo;autre, et les souder ensemble.<\/p>\n\n\n<div class=\"galleryEmbed\"><div class=\"singleGalleryEmbed\"><a target=\"_self\" href=\"https:\/\/antoinem.com\/www\/wp-content\/uploads\/2022\/04\/IMG_5732.jpeg\" title=\"Epaisseur des coussins du disque\"><img decoding=\"async\" alt=\"Epaisseur des coussins du disque\" src=\"https:\/\/antoinem.com\/www\/wp-content\/uploads\/2022\/04\/IMG_5732_small.jpeg\" \/><\/a><div class=\"embedGalleryCaption\"><h2>Epaisseur des coussins du disque<\/h2><\/div><\/div><div class=\"singleGalleryEmbed\"><a target=\"_self\" href=\"https:\/\/antoinem.com\/www\/wp-content\/uploads\/2022\/04\/IMG_5733.jpeg\" title=\"Epaisseur du cavalier\"><img decoding=\"async\" alt=\"Epaisseur du cavalier\" src=\"https:\/\/antoinem.com\/www\/wp-content\/uploads\/2022\/04\/IMG_5733_small.jpeg\" \/><\/a><div class=\"embedGalleryCaption\"><h2>Epaisseur du cavalier<\/h2><\/div><\/div><div class=\"singleGalleryEmbed\"><a target=\"_self\" href=\"https:\/\/antoinem.com\/www\/wp-content\/uploads\/2022\/04\/IMG_5734.jpeg\" title=\"Avant \u2026\"><img decoding=\"async\" alt=\"Avant \u2026\" src=\"https:\/\/antoinem.com\/www\/wp-content\/uploads\/2022\/04\/IMG_5734_small.jpeg\" \/><\/a><div class=\"embedGalleryCaption\"><h2>Avant \u2026<\/h2><\/div><\/div><div class=\"singleGalleryEmbed\"><a target=\"_self\" href=\"https:\/\/antoinem.com\/www\/wp-content\/uploads\/2022\/04\/IMG_5737.jpeg\" title=\"apr\u00e8s\"><img decoding=\"async\" alt=\"apr\u00e8s\" src=\"https:\/\/antoinem.com\/www\/wp-content\/uploads\/2022\/04\/IMG_5737_small.jpeg\" \/><\/a><div class=\"embedGalleryCaption\"><h2>apr\u00e8s<\/h2><\/div><\/div><div class=\"singleGalleryEmbed\"><a target=\"_self\" href=\"https:\/\/antoinem.com\/www\/wp-content\/uploads\/2022\/04\/IMG_5736.jpeg\" title=\"Vue globale\"><img decoding=\"async\" alt=\"Vue globale\" src=\"https:\/\/antoinem.com\/www\/wp-content\/uploads\/2022\/04\/IMG_5736_small.jpeg\" \/><\/a><div class=\"embedGalleryCaption\"><h2>Vue globale<\/h2><\/div><\/div><\/div>\n\n\n\n<p class=\"has-text-color\" style=\"color:#773100\">Second probl\u00e8me : Apr\u00e8s un premier essai sur un iPod mini, j&rsquo;ai constat\u00e9 qu&rsquo;en cas de choc violent (exemple : l&rsquo;iPod tombe au sol) la carte micro SD pouvait s&rsquo;extraire de l&rsquo;adaptateur Compact Flash &gt; micro SD.<\/p>\n\n\n\n<p>L\u00e0 aussi, la solution est plut\u00f4t simple. J&rsquo;ai utilis\u00e9 une colle de mod\u00e9lisme (sp\u00e9cial plastique) pour coller la micro SD \u00e0 l&rsquo;adaptateur CF>SD. Ce type de colle dissout l\u00e9g\u00e8rement le plastique pour cr\u00e9er une fusion maximale des deux pi\u00e8ces. Or sur une carte micro SD, l&rsquo;\u00e9paisseur de plastique qui recouvre le silicium est inf\u00e9rieur \u00e0 1\/4 mm. Je n&rsquo;\u00e9tais pas certain que cette op\u00e9ration ne d\u00e9truise pas la carte SD, mais il fallait tester&#8230; Finalement, la carte a tenu, et elle ne risque plus de s&rsquo;\u00e9jecter de l&rsquo;adaptateur CF>SD ! <span class=\"highlight\" style=\"background-color:yellow\">Je vous conseille cependant de bien \u00e9taler la colle sur toute la surface de la carte et de ne pas surdoser.<\/span>\n\n\n<div class=\"galleryEmbed\"><div class=\"singleGalleryEmbed\"><a target=\"_self\" href=\"https:\/\/antoinem.com\/www\/wp-content\/uploads\/2022\/04\/IMG_5832.jpeg\" title=\"La zone a coller\"><img decoding=\"async\" alt=\"La zone a coller\" src=\"https:\/\/antoinem.com\/www\/wp-content\/uploads\/2022\/04\/IMG_5832_small.jpeg\" \/><\/a><div class=\"embedGalleryCaption\"><h2>La zone a coller<\/h2><\/div><\/div><div class=\"singleGalleryEmbed\"><a target=\"_self\" href=\"https:\/\/antoinem.com\/www\/wp-content\/uploads\/2022\/04\/IMG_5833.jpeg\" title=\"La SD coll\u00e9e\"><img decoding=\"async\" alt=\"La SD coll\u00e9e\" src=\"https:\/\/antoinem.com\/www\/wp-content\/uploads\/2022\/04\/IMG_5833_small.jpeg\" \/><\/a><div class=\"embedGalleryCaption\"><h2>La SD coll\u00e9e<\/h2><\/div><\/div><div class=\"singleGalleryEmbed\"><a target=\"_self\" href=\"https:\/\/antoinem.com\/www\/wp-content\/uploads\/2022\/04\/IMG_5834.jpeg\" title=\"Le type de colle\"><img decoding=\"async\" alt=\"Le type de colle\" src=\"https:\/\/antoinem.com\/www\/wp-content\/uploads\/2022\/04\/IMG_5834_small.jpeg\" \/><\/a><div class=\"embedGalleryCaption\"><h2>Le type de colle<\/h2><\/div><\/div><\/div>\n\n\n\n<p class=\"has-text-color\" style=\"color:#773100\">Troisi\u00e8me et dernier probl\u00e8me : l&rsquo;assemblage nouvellement cr\u00e9\u00e9 n&rsquo;a du tout la m\u00eame taille que le disque dur d&rsquo;origine. Il y a donc de bonnes chances que le tout se prom\u00e8ne \u00e0 l&rsquo;int\u00e9rieur de l&rsquo;iPod une fois remont\u00e9. Or, je n&rsquo;ai pas du tout envie de mettre de la colle partout.<\/p>\n\n\n\n<p>Cette fois, la solution est un peu plus complexe : Cr\u00e9er une pi\u00e8ce qui sera imprim\u00e9e \u00e0 l&rsquo;imprimante 3D. Cette pi\u00e8ce a le volume du disque dur d&rsquo;origine, mais est \u00ab\u00a0creus\u00e9e\u00a0\u00bb afin d&rsquo;y loger les adaptateurs et la carte SD. Ainsi, les cousins du disque dur d&rsquo;origine peuvent \u00eatre r\u00e9utilis\u00e9s, et l&rsquo;ensemble est bien immobile \u00e0 l&rsquo;int\u00e9rieur de l&rsquo;iPod.<\/p>\n\n\n<div class=\"galleryEmbed\"><div class=\"singleGalleryEmbed\"><a target=\"_self\" href=\"https:\/\/antoinem.com\/www\/wp-content\/uploads\/2022\/04\/Model-3D-recto1.jpg\" title=\"Vision 3D - Dessus 1\"><img decoding=\"async\" alt=\"Vision 3D - Dessus 1\" src=\"https:\/\/antoinem.com\/www\/wp-content\/uploads\/2022\/04\/Model-3D-recto1_small.jpg\" \/><\/a><div class=\"embedGalleryCaption\"><h2>Vision 3D - Dessus 1<\/h2><\/div><\/div><div class=\"singleGalleryEmbed\"><a target=\"_self\" href=\"https:\/\/antoinem.com\/www\/wp-content\/uploads\/2022\/04\/Model-3D-recto2.jpg\" title=\"Vision 3D - Dessus 2\"><img decoding=\"async\" alt=\"Vision 3D - Dessus 2\" src=\"https:\/\/antoinem.com\/www\/wp-content\/uploads\/2022\/04\/Model-3D-recto2_small.jpg\" \/><\/a><div class=\"embedGalleryCaption\"><h2>Vision 3D - Dessus 2<\/h2><\/div><\/div><div class=\"singleGalleryEmbed\"><a target=\"_self\" href=\"https:\/\/antoinem.com\/www\/wp-content\/uploads\/2022\/04\/Model-3D-verso.jpg\" title=\"Vision 3D - Dessous\"><img decoding=\"async\" alt=\"Vision 3D - Dessous\" src=\"https:\/\/antoinem.com\/www\/wp-content\/uploads\/2022\/04\/Model-3D-verso_small.jpg\" \/><\/a><div class=\"embedGalleryCaption\"><h2>Vision 3D - Dessous<\/h2><\/div><\/div><\/div>\n\n\n\n<ul>\n<li>Imprimez la pi\u00e8ce,<\/li>\n\n\n\n<li>Positionnez l&rsquo;assemblage (Adaptateurs et SD) dans la pi\u00e8ce,<\/li>\n\n\n\n<li>Positionnez les cousins bleus du disque (aux m\u00eames positions et dans le m\u00eame sens que celui dans le lequel ils sont sur le disque d&rsquo;origine)<\/li>\n\n\n\n<li><span class=\"highlight\" style=\"background-color:yellow\">Coupez le d\u00e9trompeur, sorte d&rsquo;ergot en plastique, pr\u00e9sent sur la nappe du disque dur.<\/span> En effet, lors de la conception de la pi\u00e8ce, j&rsquo;ai pr\u00e9f\u00e9r\u00e9 pour des raisons de maintient et de solidit\u00e9, ne pas reproduire l&rsquo;encoche n\u00e9cessaire \u00e0 l&rsquo;insertion de l&rsquo;ergot. L&rsquo;ensemble est suffisamment rigide, et ajouter une extrusion suppl\u00e9mentaire \u00e0 ce niveau aurait surtout fragilis\u00e9 la pi\u00e8ce.<\/li>\n\n\n\n<li>Connectez l&rsquo;ensemble dans l&rsquo;iPod, comme s&rsquo;il s&rsquo;agissait du disque d&rsquo;origine !<\/li>\n<\/ul>\n\n\n\n<p><strong>Pour t\u00e9l\u00e9charger la pi\u00e8ce aux formats sldprt (pour \u00e9dition sous SolidWorks) ou au format stl (pour utiliser directement en impression 3D), <a href=\"https:\/\/antoinem.com\/www\/wp-content\/uploads\/2022\/04\/Adaptateur-disque-dur-iPod-photo.zip\">suivez ce lien<\/a>.<\/strong><\/p>\n\n\n<div class=\"galleryEmbed\"><div class=\"singleGalleryEmbed\"><a target=\"_self\" href=\"https:\/\/antoinem.com\/www\/wp-content\/uploads\/2022\/04\/IMG_5831.jpeg\" title=\"Etape 1a\"><img decoding=\"async\" alt=\"Etape 1a\" src=\"https:\/\/antoinem.com\/www\/wp-content\/uploads\/2022\/04\/IMG_5831_small.jpeg\" \/><\/a><div class=\"embedGalleryCaption\"><h2>Etape 1a<\/h2><\/div><\/div><div class=\"singleGalleryEmbed\"><a target=\"_self\" href=\"https:\/\/antoinem.com\/www\/wp-content\/uploads\/2022\/04\/IMG_5835.jpeg\" title=\"Etape 1b\"><img decoding=\"async\" alt=\"Etape 1b\" src=\"https:\/\/antoinem.com\/www\/wp-content\/uploads\/2022\/04\/IMG_5835_small.jpeg\" \/><\/a><div class=\"embedGalleryCaption\"><h2>Etape 1b<\/h2><\/div><\/div><div class=\"singleGalleryEmbed\"><a target=\"_self\" href=\"https:\/\/antoinem.com\/www\/wp-content\/uploads\/2022\/04\/IMG_5837.jpeg\" title=\"Etape 1c\"><img decoding=\"async\" alt=\"Etape 1c\" src=\"https:\/\/antoinem.com\/www\/wp-content\/uploads\/2022\/04\/IMG_5837_small.jpeg\" \/><\/a><div class=\"embedGalleryCaption\"><h2>Etape 1c<\/h2><\/div><\/div><div class=\"singleGalleryEmbed\"><a target=\"_self\" href=\"https:\/\/antoinem.com\/www\/wp-content\/uploads\/2022\/04\/IMG_5841.jpeg\" title=\"Assemblage c\u00f4t\u00e9 connecteur\"><img decoding=\"async\" alt=\"Assemblage c\u00f4t\u00e9 connecteur\" src=\"https:\/\/antoinem.com\/www\/wp-content\/uploads\/2022\/04\/IMG_5841_small.jpeg\" \/><\/a><div class=\"embedGalleryCaption\"><h2>Assemblage c\u00f4t\u00e9 connecteur<\/h2><\/div><\/div><div class=\"singleGalleryEmbed\"><a target=\"_self\" href=\"https:\/\/antoinem.com\/www\/wp-content\/uploads\/2022\/04\/IMG_5838.jpeg\" title=\"Etape 2a\"><img decoding=\"async\" alt=\"Etape 2a\" src=\"https:\/\/antoinem.com\/www\/wp-content\/uploads\/2022\/04\/IMG_5838_small.jpeg\" \/><\/a><div class=\"embedGalleryCaption\"><h2>Etape 2a<\/h2><\/div><\/div><div class=\"singleGalleryEmbed\"><a target=\"_self\" href=\"https:\/\/antoinem.com\/www\/wp-content\/uploads\/2022\/04\/IMG_5839.jpeg\" title=\"Etape 2b\"><img decoding=\"async\" alt=\"Etape 2b\" src=\"https:\/\/antoinem.com\/www\/wp-content\/uploads\/2022\/04\/IMG_5839_small.jpeg\" \/><\/a><div class=\"embedGalleryCaption\"><h2>Etape 2b<\/h2><\/div><\/div><div class=\"singleGalleryEmbed\"><a target=\"_self\" href=\"https:\/\/antoinem.com\/www\/wp-content\/uploads\/2022\/04\/IMG_5840.jpeg\" title=\"Etape 2c\"><img decoding=\"async\" alt=\"Etape 2c\" src=\"https:\/\/antoinem.com\/www\/wp-content\/uploads\/2022\/04\/IMG_5840_small.jpeg\" \/><\/a><div class=\"embedGalleryCaption\"><h2>Etape 2c<\/h2><\/div><\/div><div class=\"singleGalleryEmbed\"><a target=\"_self\" href=\"https:\/\/antoinem.com\/www\/wp-content\/uploads\/2022\/04\/IMG_5842.jpeg\" title=\"Fini !\"><img decoding=\"async\" alt=\"Fini !\" src=\"https:\/\/antoinem.com\/www\/wp-content\/uploads\/2022\/04\/IMG_5842_small.jpeg\" \/><\/a><div class=\"embedGalleryCaption\"><h2>Fini !<\/h2><\/div><\/div><\/div>\n\n\n\n<p><\/p>\n\n\n\n<figure class=\"wp-block-image size-full\"><a href=\"https:\/\/antoinem.com\/www\/wp-content\/uploads\/2022\/04\/Final-iPod.jpeg\"><img loading=\"lazy\" decoding=\"async\" width=\"900\" height=\"598\" src=\"https:\/\/antoinem.com\/www\/wp-content\/uploads\/2022\/04\/Final-iPod.jpeg\" alt=\"\" class=\"wp-image-1017\" srcset=\"https:\/\/antoinem.com\/www\/wp-content\/uploads\/2022\/04\/Final-iPod.jpeg 900w, https:\/\/antoinem.com\/www\/wp-content\/uploads\/2022\/04\/Final-iPod-300x199.jpeg 300w, https:\/\/antoinem.com\/www\/wp-content\/uploads\/2022\/04\/Final-iPod-768x510.jpeg 768w, https:\/\/antoinem.com\/www\/wp-content\/uploads\/2022\/04\/Final-iPod-800x532.jpeg 800w\" sizes=\"(max-width: 900px) 100vw, 900px\" \/><\/a><\/figure>\n","protected":false},"excerpt":{"rendered":"<p>L&rsquo;objectif est double : Ouvrir l&rsquo;iPod Photo Vous pouvez \u00e9galement suivre le tuto d&rsquo;iFixit : Remplacer la batterie Une fois le disque dur retir\u00e9, la batterie est directement visible. La mienne avait l\u00e9g\u00e8rement commenc\u00e9 \u00e0 gonfler. Apr\u00e8s 18 ans, pas si \u00e9tonnant ! Un remplacement permettra en plus de retrouver une autonomie convenable. Vous pouvez&hellip;<\/p>\n","protected":false},"author":1,"featured_media":0,"comment_status":"closed","ping_status":"closed","sticky":false,"template":"","format":"standard","meta":{"footnotes":""},"categories":[7,5],"tags":[],"_links":{"self":[{"href":"https:\/\/antoinem.com\/www\/wp-json\/wp\/v2\/posts\/892"}],"collection":[{"href":"https:\/\/antoinem.com\/www\/wp-json\/wp\/v2\/posts"}],"about":[{"href":"https:\/\/antoinem.com\/www\/wp-json\/wp\/v2\/types\/post"}],"author":[{"embeddable":true,"href":"https:\/\/antoinem.com\/www\/wp-json\/wp\/v2\/users\/1"}],"replies":[{"embeddable":true,"href":"https:\/\/antoinem.com\/www\/wp-json\/wp\/v2\/comments?post=892"}],"version-history":[{"count":36,"href":"https:\/\/antoinem.com\/www\/wp-json\/wp\/v2\/posts\/892\/revisions"}],"predecessor-version":[{"id":1024,"href":"https:\/\/antoinem.com\/www\/wp-json\/wp\/v2\/posts\/892\/revisions\/1024"}],"wp:attachment":[{"href":"https:\/\/antoinem.com\/www\/wp-json\/wp\/v2\/media?parent=892"}],"wp:term":[{"taxonomy":"category","embeddable":true,"href":"https:\/\/antoinem.com\/www\/wp-json\/wp\/v2\/categories?post=892"},{"taxonomy":"post_tag","embeddable":true,"href":"https:\/\/antoinem.com\/www\/wp-json\/wp\/v2\/tags?post=892"}],"curies":[{"name":"wp","href":"https:\/\/api.w.org\/{rel}","templated":true}]}}